{"id":114,"date":"2025-01-15T12:32:00","date_gmt":"2025-01-15T11:32:00","guid":{"rendered":"https:\/\/wordpress02.gcms.verdigado.net\/gruene-emmerich\/?p=114"},"modified":"2025-07-24T13:50:40","modified_gmt":"2025-07-24T11:50:40","slug":"einladung-zur-mitgliederversammlung","status":"publish","type":"post","link":"https:\/\/gruene-emmerich.de\/?p=114","title":{"rendered":"Einladung zur Mitgliederversammlung"},"content":{"rendered":"\n<p>Alle Mitglieder des Ortsverbandes B\u00fcndnis 90\/Die Gr\u00fcnen in Emmerich am Rhein sind herzliche eingeladen an der Mitgliederversammlung am 03. Februar 2025 um 19.00 Uhr im Restaurant &#8222;Hotel Stadt Emmerich&#8220; teilzunehmen. <\/p>\n\n\n\n<p>Als Gast werden wir Olaf Plotke, Bundestagskandidat von B\u00fcndnis 90\/Die Gr\u00fcnen, begr\u00fc\u00dfen d\u00fcrfen. Er stellt sich vor und beantwortet Fragen zum Wahlkampf. <\/p>\n\n\n\n<figure class=\"wp-block-image size-full\"><img loading=\"lazy\" decoding=\"async\" width=\"2560\" height=\"1707\" src=\"https:\/\/wordpress02.gcms.verdigado.net\/gruene-emmerich\/wp-content\/uploads\/sites\/284\/2025\/02\/dylan-gillis-KdeqA3aTnBY-unsplash-scaled.jpg\" alt=\"\" class=\"wp-image-115\" style=\"aspect-ratio:4\/3;object-fit:cover\" srcset=\"https:\/\/gruene-emmerich.de\/wp-content\/uploads\/sites\/284\/2025\/02\/dylan-gillis-KdeqA3aTnBY-unsplash-scaled.jpg 2560w, https:\/\/gruene-emmerich.de\/wp-content\/uploads\/sites\/284\/2025\/02\/dylan-gillis-KdeqA3aTnBY-unsplash-300x200.jpg 300w, https:\/\/gruene-emmerich.de\/wp-content\/uploads\/sites\/284\/2025\/02\/dylan-gillis-KdeqA3aTnBY-unsplash-1024x683.jpg 1024w, https:\/\/gruene-emmerich.de\/wp-content\/uploads\/sites\/284\/2025\/02\/dylan-gillis-KdeqA3aTnBY-unsplash-768x512.jpg 768w, https:\/\/gruene-emmerich.de\/wp-content\/uploads\/sites\/284\/2025\/02\/dylan-gillis-KdeqA3aTnBY-unsplash-1536x1024.jpg 1536w, https:\/\/gruene-emmerich.de\/wp-content\/uploads\/sites\/284\/2025\/02\/dylan-gillis-KdeqA3aTnBY-unsplash-2048x1365.jpg 2048w\" sizes=\"auto, (max-width: 2560px) 100vw, 2560px\" \/><\/figure>\n","protected":false},"excerpt":{"rendered":"<p>Alle Mitglieder des Ortsverbandes B\u00fcndnis 90\/Die Gr\u00fcnen in Emmerich am Rhein sind herzliche eingeladen an der Mitgliederversammlung am 03. Februar 2025 um 19.00 Uhr im Restaurant &#8222;Hotel Stadt Emmerich&#8220; teilzunehmen. [&hellip;]<\/p>\n","protected":false},"author":-1,"featured_media":115,"comment_status":"open","ping_status":"open","sticky":false,"template":"","format":"standard","meta":{"footnotes":""},"categories":[7],"tags":[],"class_list":["post-114","post","type-post","status-publish","format-standard","has-post-thumbnail","hentry","category-archiv"],"_links":{"self":[{"href":"https:\/\/gruene-emmerich.de\/index.php?rest_route=\/wp\/v2\/posts\/114","targetHints":{"allow":["GET"]}}],"collection":[{"href":"https:\/\/gruene-emmerich.de\/index.php?rest_route=\/wp\/v2\/posts"}],"about":[{"href":"https:\/\/gruene-emmerich.de\/index.php?rest_route=\/wp\/v2\/types\/post"}],"author":[{"embeddable":true,"href":"https:\/\/gruene-emmerich.de\/index.php?rest_route=\/wp\/v2\/users\/618"}],"replies":[{"embeddable":true,"href":"https:\/\/gruene-emmerich.de\/index.php?rest_route=%2Fwp%2Fv2%2Fcomments&post=114"}],"version-history":[{"count":5,"href":"https:\/\/gruene-emmerich.de\/index.php?rest_route=\/wp\/v2\/posts\/114\/revisions"}],"predecessor-version":[{"id":126,"href":"https:\/\/gruene-emmerich.de\/index.php?rest_route=\/wp\/v2\/posts\/114\/revisions\/126"}],"wp:featuredmedia":[{"embeddable":true,"href":"https:\/\/gruene-emmerich.de\/index.php?rest_route=\/wp\/v2\/media\/115"}],"wp:attachment":[{"href":"https:\/\/gruene-emmerich.de\/index.php?rest_route=%2Fwp%2Fv2%2Fmedia&parent=114"}],"wp:term":[{"taxonomy":"category","embeddable":true,"href":"https:\/\/gruene-emmerich.de\/index.php?rest_route=%2Fwp%2Fv2%2Fcategories&post=114"},{"taxonomy":"post_tag","embeddable":true,"href":"https:\/\/gruene-emmerich.de\/index.php?rest_route=%2Fwp%2Fv2%2Ftags&post=114"}],"curies":[{"name":"wp","href":"https:\/\/api.w.org\/{rel}","templated":true}]}}