{"id":295,"date":"2025-05-26T10:31:16","date_gmt":"2025-05-26T08:31:16","guid":{"rendered":"https:\/\/wordpress02.gcms.verdigado.net\/gruene-emmerich\/?p=295"},"modified":"2025-06-06T18:11:29","modified_gmt":"2025-06-06T16:11:29","slug":"workshop-zur-kommunalwahl","status":"publish","type":"post","link":"https:\/\/gruene-emmerich.de\/?p=295","title":{"rendered":"Workshop zur Kommunalwahl"},"content":{"rendered":"\n<p>Am 08. M\u00e4rz 2025 treffen wir uns um 11.00 Uhr &#8222;im Raben&#8220; zu einem gemeinsamen Workshop um die Themen f\u00fcr die anstehende Kommunalwahl zu erarbeiten. Alle Mitglieder und Interessierte, die die Stadt Emmerich zukunftsf\u00e4hig aufstellen m\u00f6chten, sind herzlich eingeladen.<\/p>\n\n\n\n<figure class=\"wp-block-image size-large\"><img loading=\"lazy\" decoding=\"async\" width=\"1024\" height=\"660\" src=\"https:\/\/wordpress02.gcms.verdigado.net\/gruene-emmerich\/wp-content\/uploads\/sites\/284\/2025\/05\/Workshop-1024x660.jpg\" alt=\"\" class=\"wp-image-297\" srcset=\"https:\/\/gruene-emmerich.de\/wp-content\/uploads\/sites\/284\/2025\/05\/Workshop-1024x660.jpg 1024w, https:\/\/gruene-emmerich.de\/wp-content\/uploads\/sites\/284\/2025\/05\/Workshop-300x193.jpg 300w, https:\/\/gruene-emmerich.de\/wp-content\/uploads\/sites\/284\/2025\/05\/Workshop-768x495.jpg 768w, https:\/\/gruene-emmerich.de\/wp-content\/uploads\/sites\/284\/2025\/05\/Workshop-1536x989.jpg 1536w, https:\/\/gruene-emmerich.de\/wp-content\/uploads\/sites\/284\/2025\/05\/Workshop-2048x1319.jpg 2048w\" sizes=\"auto, (max-width: 1024px) 100vw, 1024px\" \/><\/figure>\n\n\n\n<p><\/p>\n","protected":false},"excerpt":{"rendered":"<p>Am 08. M\u00e4rz 2025 treffen wir uns um 11.00 Uhr &#8222;im Raben&#8220; zu einem gemeinsamen Workshop um die Themen f\u00fcr die anstehende Kommunalwahl zu erarbeiten. Alle Mitglieder und Interessierte, die [&hellip;]<\/p>\n","protected":false},"author":-1,"featured_media":297,"comment_status":"closed","ping_status":"open","sticky":false,"template":"","format":"standard","meta":{"footnotes":""},"categories":[6],"tags":[],"class_list":["post-295","post","type-post","status-publish","format-standard","has-post-thumbnail","hentry","category-aktuelles"],"_links":{"self":[{"href":"https:\/\/gruene-emmerich.de\/index.php?rest_route=\/wp\/v2\/posts\/295","targetHints":{"allow":["GET"]}}],"collection":[{"href":"https:\/\/gruene-emmerich.de\/index.php?rest_route=\/wp\/v2\/posts"}],"about":[{"href":"https:\/\/gruene-emmerich.de\/index.php?rest_route=\/wp\/v2\/types\/post"}],"author":[{"embeddable":true,"href":"https:\/\/gruene-emmerich.de\/index.php?rest_route=\/wp\/v2\/users\/618"}],"replies":[{"embeddable":true,"href":"https:\/\/gruene-emmerich.de\/index.php?rest_route=%2Fwp%2Fv2%2Fcomments&post=295"}],"version-history":[{"count":5,"href":"https:\/\/gruene-emmerich.de\/index.php?rest_route=\/wp\/v2\/posts\/295\/revisions"}],"predecessor-version":[{"id":408,"href":"https:\/\/gruene-emmerich.de\/index.php?rest_route=\/wp\/v2\/posts\/295\/revisions\/408"}],"wp:featuredmedia":[{"embeddable":true,"href":"https:\/\/gruene-emmerich.de\/index.php?rest_route=\/wp\/v2\/media\/297"}],"wp:attachment":[{"href":"https:\/\/gruene-emmerich.de\/index.php?rest_route=%2Fwp%2Fv2%2Fmedia&parent=295"}],"wp:term":[{"taxonomy":"category","embeddable":true,"href":"https:\/\/gruene-emmerich.de\/index.php?rest_route=%2Fwp%2Fv2%2Fcategories&post=295"},{"taxonomy":"post_tag","embeddable":true,"href":"https:\/\/gruene-emmerich.de\/index.php?rest_route=%2Fwp%2Fv2%2Ftags&post=295"}],"curies":[{"name":"wp","href":"https:\/\/api.w.org\/{rel}","templated":true}]}}