{"id":325,"date":"2025-04-26T11:37:03","date_gmt":"2025-04-26T09:37:03","guid":{"rendered":"https:\/\/wordpress02.gcms.verdigado.net\/gruene-emmerich\/?p=325"},"modified":"2025-05-26T11:43:05","modified_gmt":"2025-05-26T09:43:05","slug":"wahlversammlung-kommunalwahl-2025","status":"publish","type":"post","link":"https:\/\/gruene-emmerich.de\/?p=325","title":{"rendered":"Wahlversammlung Kommunalwahl 2025"},"content":{"rendered":"\n<figure class=\"wp-block-image size-large\"><img loading=\"lazy\" decoding=\"async\" width=\"1024\" height=\"576\" src=\"https:\/\/wordpress02.gcms.verdigado.net\/gruene-emmerich\/wp-content\/uploads\/sites\/284\/2025\/05\/Gruene-Presse-04-25-1024x576.jpg\" alt=\"\" class=\"wp-image-326\" srcset=\"https:\/\/gruene-emmerich.de\/wp-content\/uploads\/sites\/284\/2025\/05\/Gruene-Presse-04-25-1024x576.jpg 1024w, https:\/\/gruene-emmerich.de\/wp-content\/uploads\/sites\/284\/2025\/05\/Gruene-Presse-04-25-300x169.jpg 300w, https:\/\/gruene-emmerich.de\/wp-content\/uploads\/sites\/284\/2025\/05\/Gruene-Presse-04-25-768x432.jpg 768w, https:\/\/gruene-emmerich.de\/wp-content\/uploads\/sites\/284\/2025\/05\/Gruene-Presse-04-25-1536x864.jpg 1536w, https:\/\/gruene-emmerich.de\/wp-content\/uploads\/sites\/284\/2025\/05\/Gruene-Presse-04-25-2048x1152.jpg 2048w\" sizes=\"auto, (max-width: 1024px) 100vw, 1024px\" \/><\/figure>\n\n\n\n<p><strong>GR\u00dcNE w\u00e4hlten Ratsliste \u2013 Alte Hasen und frische K\u00f6pfe f\u00fcr Emmerich<\/strong><\/p>\n\n\n\n<p>Emmerich, 26. Mai 2025 \u2013 Am vergangenen Samstag fand die Aufstellungsversammlung der GR\u00dcNEN Emmerich zur Kommunalwahl am 14. September statt. Unter dem Motto \u201eAlte Hasen und frische K\u00f6pfe\u201c pr\u00e4sentieren die GR\u00dcNEN eine engagierte Liste mit erfahrenen und neuen Gesichtern f\u00fcr die kommende Ratsperiode.<\/p>\n\n\n\n<p>\u201eDemokratie will gelebt werden und braucht Menschen, die sich f\u00fcr unsere Gemeinde einsetzen\u201c, so der Tenor der Versammlung. Insgesamt 15 Kandidatinnen und Kandidaten stellen sich der Wahl und bringen vielf\u00e4ltige Kompetenzen und Perspektiven mit.<\/p>\n\n\n\n<p>Die gew\u00e4hlten Listenpl\u00e4tze lauten:<\/p>\n\n\n\n<ol class=\"wp-block-list\">\n<li>Sabine Siebers<\/li>\n\n\n\n<li>Alexander Pooth<\/li>\n\n\n\n<li>Hermine Swhajor<\/li>\n\n\n\n<li>Henryk Palluch<\/li>\n\n\n\n<li>Gabriele H\u00f6velmann<\/li>\n\n\n\n<li>Elmar Fischbach<\/li>\n\n\n\n<li>Anne Brouwer<\/li>\n\n\n\n<li>J\u00fcrgen Brockmann<\/li>\n\n\n\n<li>Ute Sickelmann<\/li>\n\n\n\n<li>Thomas Koenen<\/li>\n\n\n\n<li>Erika Bergmann<\/li>\n\n\n\n<li>Rainer Gustedt<\/li>\n\n\n\n<li>Markus Pottgie\u00dfer<\/li>\n\n\n\n<li>Jens Hoppe<\/li>\n\n\n\n<li>Bert Visser<\/li>\n<\/ol>\n\n\n\n<p>Ein besonderer Dank gilt Herbert Kaiser, der sich aus der aktiven Arbeit f\u00fcr die GR\u00dcNEN zur\u00fcckzieht. Der Ortsverband w\u00fcrdigt seinen langj\u00e4hrigen Einsatz und seine Verdienste um die Interessen der Stadt Emmerich.<\/p>\n","protected":false},"excerpt":{"rendered":"<p>GR\u00dcNE w\u00e4hlten Ratsliste \u2013 Alte Hasen und frische K\u00f6pfe f\u00fcr Emmerich Emmerich, 26. Mai 2025 \u2013 Am vergangenen Samstag fand die Aufstellungsversammlung der GR\u00dcNEN Emmerich zur Kommunalwahl am 14. September [&hellip;]<\/p>\n","protected":false},"author":-1,"featured_media":326,"comment_status":"closed","ping_status":"open","sticky":false,"template":"","format":"standard","meta":{"footnotes":""},"categories":[6],"tags":[],"class_list":["post-325","post","type-post","status-publish","format-standard","has-post-thumbnail","hentry","category-aktuelles"],"_links":{"self":[{"href":"https:\/\/gruene-emmerich.de\/index.php?rest_route=\/wp\/v2\/posts\/325","targetHints":{"allow":["GET"]}}],"collection":[{"href":"https:\/\/gruene-emmerich.de\/index.php?rest_route=\/wp\/v2\/posts"}],"about":[{"href":"https:\/\/gruene-emmerich.de\/index.php?rest_route=\/wp\/v2\/types\/post"}],"author":[{"embeddable":true,"href":"https:\/\/gruene-emmerich.de\/index.php?rest_route=\/wp\/v2\/users\/618"}],"replies":[{"embeddable":true,"href":"https:\/\/gruene-emmerich.de\/index.php?rest_route=%2Fwp%2Fv2%2Fcomments&post=325"}],"version-history":[{"count":2,"href":"https:\/\/gruene-emmerich.de\/index.php?rest_route=\/wp\/v2\/posts\/325\/revisions"}],"predecessor-version":[{"id":328,"href":"https:\/\/gruene-emmerich.de\/index.php?rest_route=\/wp\/v2\/posts\/325\/revisions\/328"}],"wp:featuredmedia":[{"embeddable":true,"href":"https:\/\/gruene-emmerich.de\/index.php?rest_route=\/wp\/v2\/media\/326"}],"wp:attachment":[{"href":"https:\/\/gruene-emmerich.de\/index.php?rest_route=%2Fwp%2Fv2%2Fmedia&parent=325"}],"wp:term":[{"taxonomy":"category","embeddable":true,"href":"https:\/\/gruene-emmerich.de\/index.php?rest_route=%2Fwp%2Fv2%2Fcategories&post=325"},{"taxonomy":"post_tag","embeddable":true,"href":"https:\/\/gruene-emmerich.de\/index.php?rest_route=%2Fwp%2Fv2%2Ftags&post=325"}],"curies":[{"name":"wp","href":"https:\/\/api.w.org\/{rel}","templated":true}]}}