{"id":367,"date":"2025-05-27T09:19:20","date_gmt":"2025-05-27T07:19:20","guid":{"rendered":"https:\/\/wordpress02.gcms.verdigado.net\/gruene-emmerich\/?p=367"},"modified":"2025-06-02T09:28:13","modified_gmt":"2025-06-02T07:28:13","slug":"emmericher-gruene-im-austausch-mit-den-stadtwerken","status":"publish","type":"post","link":"https:\/\/gruene-emmerich.de\/?p=367","title":{"rendered":"Emmericher Gr\u00fcne im Austausch mit den Stadtwerken"},"content":{"rendered":"\n<h2 class=\"wp-block-heading\">Wasserstoff als Schl\u00fcssel f\u00fcr eine nachhaltige Energiezukunft<\/h2>\n\n\n\n<p>Am Montag, den 26. Mai 2025, traf sich unsere Fraktion von\u00a0<strong>B\u00fcndnis 90\/Die Gr\u00fcnen Emmerich<\/strong>\u00a0mit dem Vorstand der\u00a0<strong>Stadtwerke Emmerich<\/strong>. Ziel des Treffens war ein intensiver Austausch \u00fcber aktuelle und zuk\u00fcnftige Herausforderungen der Energieversorgung \u2013 insbesondere mit Blick auf die geplante\u00a0<strong>Umstellung von Erdgas auf Wasserstoff <\/strong>in den n\u00e4chsten Jahren.<\/p>\n\n\n\n<p>Wir Gr\u00fcne wollen die Energie- und Versorgungspolitik in Emmerich aktiv und verantwortungsvoll mitgestalten. Dabei setzen wir auf eine zukunftsorientierte, klimafreundliche und sozial gerechte Ausrichtung.<\/p>\n\n\n\n<p>Ein zentrales Thema war der Ausbau der Wasserstoffinfrastruktur. Gr\u00fcner Wasserstoff \u2013 gewonnen aus erneuerbaren Energien \u2013 ist\u00a0<strong>emissionsfrei<\/strong>\u00a0und somit ein wichtiger Baustein f\u00fcr die Klimaneutralit\u00e4t, die laut dem Bund bis sp\u00e4testens 2045 erreicht werden soll.<\/p>\n\n\n\n<p>Durch die fr\u00fchzeitige und vorausschauende Planung der Stadtwerke kann Emmerich eine\u00a0<strong>Vorreiterrolle in der Energiewende<\/strong>\u00a0einnehmen. Ziel ist es, die ans\u00e4ssige Wirtschaft langfristig und sicher mit Energie zu versorgen \u2013 und damit auch\u00a0<strong>Arbeitspl\u00e4tze in der Region zu sichern<\/strong>.<\/p>\n\n\n\n<p>Auch die Umstellung der Haushalte, insbesondere im innerst\u00e4dtischen Bereich, wurde angesprochen. Wasserstoffheizungen erfordern lediglich kleinere und kosteng\u00fcnstige Anpassungen an bestehenden Anlagen. Dennoch sehen wir Gr\u00fcnen besonderen Handlungsbedarf, gerade im Bereich der energetischen Sanierung von Altbauten.<\/p>\n\n\n\n<p><strong>F\u00fcr uns hei\u00dft das: Klimaschutz und sozialgerechter Wohnungsbau geh\u00f6ren zusammen.<\/strong>&nbsp;Beides steigert nicht nur die Energieeffizienz, sondern auch die Lebensqualit\u00e4t in unserer Innenstadt.<\/p>\n\n\n\n<p>Das Treffen diente auch der\u00a0<strong>inhaltlichen Vorbereitung auf den Kommunalwahlkampf im September 2025<\/strong>. Wir m\u00f6chten tragf\u00e4hige Projekte entwickeln, die Emmerich langfristig st\u00e4rken und ben\u00f6tigten hier den Austausch mit den Stadtwerken. Dazu geh\u00f6rt auch die Idee,\u00a0<strong>klimaneutrale Projekte \u00fcber B\u00fcrgerbeteiligung zu finanzieren<\/strong>.<\/p>\n\n\n\n<p>Solche Vorhaben m\u00fcssen eng mit dem lokalen Energieversorger abgestimmt werden, um sie sinnvoll in das Gesamtkonzept einzubetten.<\/p>\n\n\n\n<blockquote class=\"wp-block-quote is-layout-flow wp-block-quote-is-layout-flow\">\n<p><strong>\u201eNachhaltigkeit, Versorgungssicherheit und soziale Vertr\u00e4glichkeit sind f\u00fcr uns keine Gegens\u00e4tze \u2013 sondern Leitplanken f\u00fcr unsere Politik\u201c,<\/strong>&nbsp;so die Fraktion der Gr\u00fcnen Emmerich.<\/p>\n<\/blockquote>\n\n\n\n<p>Wir bedanken uns bei den Stadtwerken Emmerich f\u00fcr den offenen und konstruktiven Austausch. F\u00fcr uns steht fest: Eine nachhaltige Energiepolitik ist die Basis f\u00fcr eine lebenswerte Zukunft in Emmerich \u2013 \u00f6kologisch, wirtschaftlich und sozial.<\/p>\n","protected":false},"excerpt":{"rendered":"<p>Wasserstoff als Schl\u00fcssel f\u00fcr eine nachhaltige Energiezukunft Am Montag, den 26. Mai 2025, traf sich unsere Fraktion von\u00a0B\u00fcndnis 90\/Die Gr\u00fcnen Emmerich\u00a0mit dem Vorstand der\u00a0Stadtwerke Emmerich. Ziel des Treffens war ein [&hellip;]<\/p>\n","protected":false},"author":-1,"featured_media":368,"comment_status":"closed","ping_status":"open","sticky":false,"template":"","format":"standard","meta":{"footnotes":""},"categories":[6],"tags":[],"class_list":["post-367","post","type-post","status-publish","format-standard","has-post-thumbnail","hentry","category-aktuelles"],"_links":{"self":[{"href":"https:\/\/gruene-emmerich.de\/index.php?rest_route=\/wp\/v2\/posts\/367","targetHints":{"allow":["GET"]}}],"collection":[{"href":"https:\/\/gruene-emmerich.de\/index.php?rest_route=\/wp\/v2\/posts"}],"about":[{"href":"https:\/\/gruene-emmerich.de\/index.php?rest_route=\/wp\/v2\/types\/post"}],"author":[{"embeddable":true,"href":"https:\/\/gruene-emmerich.de\/index.php?rest_route=\/wp\/v2\/users\/618"}],"replies":[{"embeddable":true,"href":"https:\/\/gruene-emmerich.de\/index.php?rest_route=%2Fwp%2Fv2%2Fcomments&post=367"}],"version-history":[{"count":1,"href":"https:\/\/gruene-emmerich.de\/index.php?rest_route=\/wp\/v2\/posts\/367\/revisions"}],"predecessor-version":[{"id":369,"href":"https:\/\/gruene-emmerich.de\/index.php?rest_route=\/wp\/v2\/posts\/367\/revisions\/369"}],"wp:featuredmedia":[{"embeddable":true,"href":"https:\/\/gruene-emmerich.de\/index.php?rest_route=\/wp\/v2\/media\/368"}],"wp:attachment":[{"href":"https:\/\/gruene-emmerich.de\/index.php?rest_route=%2Fwp%2Fv2%2Fmedia&parent=367"}],"wp:term":[{"taxonomy":"category","embeddable":true,"href":"https:\/\/gruene-emmerich.de\/index.php?rest_route=%2Fwp%2Fv2%2Fcategories&post=367"},{"taxonomy":"post_tag","embeddable":true,"href":"https:\/\/gruene-emmerich.de\/index.php?rest_route=%2Fwp%2Fv2%2Ftags&post=367"}],"curies":[{"name":"wp","href":"https:\/\/api.w.org\/{rel}","templated":true}]}}