{"id":527,"date":"2025-07-24T07:57:03","date_gmt":"2025-07-24T05:57:03","guid":{"rendered":"https:\/\/gruene-emmerich.de\/?p=527"},"modified":"2025-07-24T13:54:53","modified_gmt":"2025-07-24T11:54:53","slug":"stellungnahme-des-teams-mittagstisch","status":"publish","type":"post","link":"https:\/\/gruene-emmerich.de\/?p=527","title":{"rendered":"Stellungnahme des Teams &#8222;Mittagstisch&#8220; zu Behauptungen der AFD in ihrem Flyer zur Kommunalwahl"},"content":{"rendered":"\n<hr class=\"wp-block-separator has-text-color has-white-color has-alpha-channel-opacity has-white-background-color has-background\"\/>\n\n\n\n<p>Mit Best\u00fcrzung haben wir als ehrenamtliche Mitarbeiter*innen vom \u201eMittagstisch\u201c in ihrem Wahlflyer gelesen: \u201eArbeitspflicht f\u00fcr Fl\u00fcchtlinge: Tafelmissbrauch beenden.\u201c<\/p>\n\n\n\n<p>Der B\u00fcrgermeisterkandidat der AfD in Emmerich fordert in dem von ihm und seiner Partei verbreiteten Programm f\u00fcr die Kommunalwahlen unter dem Punkt \u201eSozialpolitik\u201c, den \u201eTafelmissbrauch\u201c zu beenden.<\/p>\n\n\n\n<p>Wir, die Leitung und die ehrenamtlichen Mitarbeiter*innen des \u201eMittagstischs\u201c verwahren uns als einzige Lebensmitteltafel Emmerichs gegen die Unterstellung, Missbrauch&nbsp;zu beg\u00fcnstigen. Hier wird durch einen Kandidaten f\u00fcr das B\u00fcrgermeisteramt eine durch nichts belegte Behauptung in Umlauf gebracht. Weder haben die Verfasser des Wahlprogramms mit uns gesprochen noch erkl\u00e4rt, worin dieser angebliche Missbrauch besteht.&nbsp;<\/p>\n\n\n\n<p>Die Forderung der AfD zeigt ferner eine Unkenntnis der Tafelsatzung, die eine Pr\u00fcfung der Bed\u00fcrftigkeit jedes Kunden vorsieht. Der \u201eMittagstisch\u201c in Emmerich, unter dem Dach der Pfarrei&nbsp;&nbsp;St. Christophorus&nbsp;&nbsp;stehend, folgt diesen Aufnahme-&nbsp;&nbsp;und Pr\u00fcfungskriterien.<\/p>\n\n\n\n<p>Die Aufgaben des Mittagstischs sind folgende:<\/p>\n\n\n\n<ol start=\"1\" class=\"wp-block-list\">\n<li>Lebensmittel, die sonst vernichtet w\u00fcrden, werden gesammelt.<\/li>\n\n\n\n<li>Die noch verwertbaren Lebensmittel werden an Bed\u00fcrftige verteilt.<\/li>\n\n\n\n<li>Wir f\u00f6rdern das soziale Miteinander in Emmerich, indem wir Menschen aus sehr unterschiedlichen sozialen Gruppen zusammenbringen.<\/li>\n<\/ol>\n\n\n\n<p>Das ehrenamtliche Engagement von ca. 40 B\u00fcrger*innen beim \u201eMittagstisch\u201c orientiert sich an der UN-Menschenrechtskonvention und an dem christlichen Evangelium und bedeutet f\u00fcr uns, dass jeder Mensch ungeachtet seiner Herkunft, seiner Religion, seines Geschlechts und auch ungeachtet der Gr\u00fcnde f\u00fcr sein Leben in Deutschland dann Hilfe bekommt, wenn er oder sie sie ben\u00f6tigt.<\/p>\n\n\n\n<p>Deshalb verteilen wir die Lebensmittel an bed\u00fcrftige Menschen, die ihre Bed\u00fcrftigkeit durch die Vorlage ihrer Rentenbescheide, ihrer Leistungsbescheide aus den Rechtskreisen SGB II, III und XII und dem Asylbewerberleistungsgesetz sowie den Bescheiden von Wohngeld und Kinderzuschlag halbj\u00e4hrlich vorlegen. Dar\u00fcber hinaus erhalten vor allen Dingen Rentner und Rentnerinnen ihre Lebensmittel bei uns. Bezieher*innen von Wohngeld und Kinderzuschlag geh\u00f6ren auch zum Kreis der Bed\u00fcrftigen. Mit dieser Definition und Vorgehensweise befinden wir uns im Einklang mit den Vorgaben der gro\u00dfen Wohlfahrtsverb\u00e4nde.<\/p>\n\n\n\n<p>Auf dieser Grundlage erhalten wir unsere Spenden von zahlreichen Emmerich B\u00fcrgerinnen und B\u00fcrgern.&nbsp;<\/p>\n\n\n\n<p>Wir finden es unertr\u00e4glich, dass sich ehrenamtlich engagierte Emmericher B\u00fcrger daf\u00fcr rechtfertigen m\u00fcssen, Menschen mit geringen Einkommen, Rentnern mit kleinen Renten und Menschen, darunter viele Kinder, die aufgrund von Krieg und Vertreibung auf Hilfe angewiesen sind, zu unterst\u00fctzen.<\/p>\n\n\n\n<p>Wir erwarten von einer Person, die sich in Emmerich um Verantwortung bewirbt, dass sie solche unbelegten Vorw\u00fcrfe zur\u00fccknimmt.<\/p>\n\n\n\n<p>Wir bestehen auf einer \u00f6ffentlichen Gegendarstellung und einer sofortigen Beendigung der Nutzung des in Frage stehenden Flyers.<\/p>\n\n\n\n<p>Das Team vom \u201eMittagstisch\u201c<\/p>\n","protected":false},"excerpt":{"rendered":"<p>Mit Best\u00fcrzung haben wir als ehrenamtliche Mitarbeiter*innen vom \u201eMittagstisch\u201c in ihrem Wahlflyer gelesen: \u201eArbeitspflicht f\u00fcr Fl\u00fcchtlinge: Tafelmissbrauch beenden.\u201c Der B\u00fcrgermeisterkandidat der AfD in Emmerich fordert in dem von ihm und [&hellip;]<\/p>\n","protected":false},"author":-1,"featured_media":528,"comment_status":"closed","ping_status":"open","sticky":false,"template":"","format":"standard","meta":{"footnotes":""},"categories":[6],"tags":[],"class_list":["post-527","post","type-post","status-publish","format-standard","has-post-thumbnail","hentry","category-aktuelles"],"_links":{"self":[{"href":"https:\/\/gruene-emmerich.de\/index.php?rest_route=\/wp\/v2\/posts\/527","targetHints":{"allow":["GET"]}}],"collection":[{"href":"https:\/\/gruene-emmerich.de\/index.php?rest_route=\/wp\/v2\/posts"}],"about":[{"href":"https:\/\/gruene-emmerich.de\/index.php?rest_route=\/wp\/v2\/types\/post"}],"author":[{"embeddable":true,"href":"https:\/\/gruene-emmerich.de\/index.php?rest_route=\/wp\/v2\/users\/618"}],"replies":[{"embeddable":true,"href":"https:\/\/gruene-emmerich.de\/index.php?rest_route=%2Fwp%2Fv2%2Fcomments&post=527"}],"version-history":[{"count":4,"href":"https:\/\/gruene-emmerich.de\/index.php?rest_route=\/wp\/v2\/posts\/527\/revisions"}],"predecessor-version":[{"id":536,"href":"https:\/\/gruene-emmerich.de\/index.php?rest_route=\/wp\/v2\/posts\/527\/revisions\/536"}],"wp:featuredmedia":[{"embeddable":true,"href":"https:\/\/gruene-emmerich.de\/index.php?rest_route=\/wp\/v2\/media\/528"}],"wp:attachment":[{"href":"https:\/\/gruene-emmerich.de\/index.php?rest_route=%2Fwp%2Fv2%2Fmedia&parent=527"}],"wp:term":[{"taxonomy":"category","embeddable":true,"href":"https:\/\/gruene-emmerich.de\/index.php?rest_route=%2Fwp%2Fv2%2Fcategories&post=527"},{"taxonomy":"post_tag","embeddable":true,"href":"https:\/\/gruene-emmerich.de\/index.php?rest_route=%2Fwp%2Fv2%2Ftags&post=527"}],"curies":[{"name":"wp","href":"https:\/\/api.w.org\/{rel}","templated":true}]}}