{"id":533,"date":"2025-07-15T13:50:48","date_gmt":"2025-07-15T11:50:48","guid":{"rendered":"https:\/\/gruene-emmerich.de\/?p=533"},"modified":"2025-07-24T13:55:22","modified_gmt":"2025-07-24T11:55:22","slug":"besuch-bei-den-emmericher-landwirten","status":"publish","type":"post","link":"https:\/\/gruene-emmerich.de\/?p=533","title":{"rendered":"Besuch bei den Emmericher Landwirten"},"content":{"rendered":"\n<p>Die Fraktion B\u00fcndnis90\/DIE GR\u00dcNEN&nbsp;&nbsp;setzte ihren Meinungsaustausch mit den LandwirtInnen aus Emmerich am Rhein fort und besuchte den Hof von Oliver Bollwerk.<\/p>\n\n\n\n<p>Nach einer sehr informativen F\u00fchrung \u00fcber den Hof wurde mit den anwesenden LandwirtInnen der anderen H\u00f6fe rege und offen \u00fcber die Auflagen bei der Bewirtschaftung von Naturschutzfl\u00e4chen ohne finanziellen Ausgleich diskutiert.<\/p>\n\n\n\n<p>In der Kritik aller Anwesenden stand auch der zunehmende \u201eFl\u00e4chenfra\u00df\u201c, weil immer mehr ehemalige landwirtschaftliche Fl\u00e4chen dem Bau von Logistikhallen zum Opfer fallen und die fl\u00e4chendeckende Versiegelung unwiederbringliche negative \u00f6kologische&nbsp;&nbsp;Auswirkungen nach sich zieht.<\/p>\n\n\n\n<p>Als weiteres \u00c4rgernis wurden die b\u00fcrokratischen H\u00fcrden f\u00fcr den beantragten B\u00fcrger-Wind-Park und die Probleme mit dem giftigen Jakobs-Kreuzkraut anschaulich beschrieben.<\/p>\n\n\n\n<p>Die Fraktion bedankte sich f\u00fcr den informativen wertsch\u00e4tzenden Austausch, der zeigte, dass Themen wie artgerechte Tierhaltung, regionale Lebensmittel und Naturschutz auch f\u00fcr die hiesige Landwirtschaft von gro\u00dfer Bedeutung sind.<\/p>\n\n\n\n<p><\/p>\n","protected":false},"excerpt":{"rendered":"<p>Die Fraktion B\u00fcndnis90\/DIE GR\u00dcNEN&nbsp;&nbsp;setzte ihren Meinungsaustausch mit den LandwirtInnen aus Emmerich am Rhein fort und besuchte den Hof von Oliver Bollwerk. Nach einer sehr informativen F\u00fchrung \u00fcber den Hof wurde [&hellip;]<\/p>\n","protected":false},"author":-1,"featured_media":534,"comment_status":"closed","ping_status":"open","sticky":false,"template":"","format":"standard","meta":{"footnotes":""},"categories":[6],"tags":[],"class_list":["post-533","post","type-post","status-publish","format-standard","has-post-thumbnail","hentry","category-aktuelles"],"_links":{"self":[{"href":"https:\/\/gruene-emmerich.de\/index.php?rest_route=\/wp\/v2\/posts\/533","targetHints":{"allow":["GET"]}}],"collection":[{"href":"https:\/\/gruene-emmerich.de\/index.php?rest_route=\/wp\/v2\/posts"}],"about":[{"href":"https:\/\/gruene-emmerich.de\/index.php?rest_route=\/wp\/v2\/types\/post"}],"author":[{"embeddable":true,"href":"https:\/\/gruene-emmerich.de\/index.php?rest_route=\/wp\/v2\/users\/618"}],"replies":[{"embeddable":true,"href":"https:\/\/gruene-emmerich.de\/index.php?rest_route=%2Fwp%2Fv2%2Fcomments&post=533"}],"version-history":[{"count":2,"href":"https:\/\/gruene-emmerich.de\/index.php?rest_route=\/wp\/v2\/posts\/533\/revisions"}],"predecessor-version":[{"id":537,"href":"https:\/\/gruene-emmerich.de\/index.php?rest_route=\/wp\/v2\/posts\/533\/revisions\/537"}],"wp:featuredmedia":[{"embeddable":true,"href":"https:\/\/gruene-emmerich.de\/index.php?rest_route=\/wp\/v2\/media\/534"}],"wp:attachment":[{"href":"https:\/\/gruene-emmerich.de\/index.php?rest_route=%2Fwp%2Fv2%2Fmedia&parent=533"}],"wp:term":[{"taxonomy":"category","embeddable":true,"href":"https:\/\/gruene-emmerich.de\/index.php?rest_route=%2Fwp%2Fv2%2Fcategories&post=533"},{"taxonomy":"post_tag","embeddable":true,"href":"https:\/\/gruene-emmerich.de\/index.php?rest_route=%2Fwp%2Fv2%2Ftags&post=533"}],"curies":[{"name":"wp","href":"https:\/\/api.w.org\/{rel}","templated":true}]}}