{"id":543,"date":"2025-08-20T16:55:30","date_gmt":"2025-08-20T14:55:30","guid":{"rendered":"https:\/\/gruene-emmerich.de\/?p=543"},"modified":"2025-08-20T16:55:31","modified_gmt":"2025-08-20T14:55:31","slug":"gruene-position-zur-buergermeisterwahl-in-emmerich","status":"publish","type":"post","link":"https:\/\/gruene-emmerich.de\/?p=543","title":{"rendered":"Gr\u00fcne Position zur B\u00fcrgermeisterwahl in Emmerich"},"content":{"rendered":"\n<p>Der Ortsverband B\u00fcndnis 90\/DIE GR\u00dcNEN hat sich in einer Umfrage mit gro\u00dfer Mehrheit daf\u00fcr ausgesprochen, die Wahl von <strong>Meike Schnake-Rupp<\/strong> zur B\u00fcrgermeisterin zu empfehlen.<\/p>\n\n\n\n<p>Emmerich am Rhein soll stark beim <strong>Klimaschutz und Naturschutz<\/strong> werden. Wir wollen eine nachhaltige Verkehrswende und mehr finanzielle F\u00f6rderung f\u00fcr Kinder und Jugendliche. Au\u00dferdem sind f\u00fcr uns die Schaffung von <strong>bezahlbarem Wohnraum<\/strong>, eine zukunftsf\u00e4hige Wirtschaft sowie <strong>Inklusion und sozialer Zusammenhalt<\/strong> von gro\u00dfer Bedeutung.<\/p>\n\n\n\n<p>Von Frau Meike Schnake-Rupp erwarten wir am ehesten, dass sie uns bei der Erreichung dieser Ziele als B\u00fcrgermeisterin unterst\u00fctzt.<\/p>\n\n\n\n<p><\/p>\n","protected":false},"excerpt":{"rendered":"<p>Der Ortsverband B\u00fcndnis 90\/DIE GR\u00dcNEN hat sich in einer Umfrage mit gro\u00dfer Mehrheit daf\u00fcr ausgesprochen, die Wahl von Meike Schnake-Rupp zur B\u00fcrgermeisterin zu empfehlen. Emmerich am Rhein soll stark beim [&hellip;]<\/p>\n","protected":false},"author":-1,"featured_media":544,"comment_status":"closed","ping_status":"open","sticky":false,"template":"","format":"standard","meta":{"footnotes":""},"categories":[6],"tags":[],"class_list":["post-543","post","type-post","status-publish","format-standard","has-post-thumbnail","hentry","category-aktuelles"],"_links":{"self":[{"href":"https:\/\/gruene-emmerich.de\/index.php?rest_route=\/wp\/v2\/posts\/543","targetHints":{"allow":["GET"]}}],"collection":[{"href":"https:\/\/gruene-emmerich.de\/index.php?rest_route=\/wp\/v2\/posts"}],"about":[{"href":"https:\/\/gruene-emmerich.de\/index.php?rest_route=\/wp\/v2\/types\/post"}],"author":[{"embeddable":true,"href":"https:\/\/gruene-emmerich.de\/index.php?rest_route=\/wp\/v2\/users\/637"}],"replies":[{"embeddable":true,"href":"https:\/\/gruene-emmerich.de\/index.php?rest_route=%2Fwp%2Fv2%2Fcomments&post=543"}],"version-history":[{"count":1,"href":"https:\/\/gruene-emmerich.de\/index.php?rest_route=\/wp\/v2\/posts\/543\/revisions"}],"predecessor-version":[{"id":545,"href":"https:\/\/gruene-emmerich.de\/index.php?rest_route=\/wp\/v2\/posts\/543\/revisions\/545"}],"wp:featuredmedia":[{"embeddable":true,"href":"https:\/\/gruene-emmerich.de\/index.php?rest_route=\/wp\/v2\/media\/544"}],"wp:attachment":[{"href":"https:\/\/gruene-emmerich.de\/index.php?rest_route=%2Fwp%2Fv2%2Fmedia&parent=543"}],"wp:term":[{"taxonomy":"category","embeddable":true,"href":"https:\/\/gruene-emmerich.de\/index.php?rest_route=%2Fwp%2Fv2%2Fcategories&post=543"},{"taxonomy":"post_tag","embeddable":true,"href":"https:\/\/gruene-emmerich.de\/index.php?rest_route=%2Fwp%2Fv2%2Ftags&post=543"}],"curies":[{"name":"wp","href":"https:\/\/api.w.org\/{rel}","templated":true}]}}