{"id":546,"date":"2025-08-20T17:10:33","date_gmt":"2025-08-20T15:10:33","guid":{"rendered":"https:\/\/gruene-emmerich.de\/?p=546"},"modified":"2025-08-20T17:10:33","modified_gmt":"2025-08-20T15:10:33","slug":"gruene-fietstour-durch-emmerich","status":"publish","type":"post","link":"https:\/\/gruene-emmerich.de\/?p=546","title":{"rendered":"Gr\u00fcne Fietstour durch Emmerich"},"content":{"rendered":"\n<p>Viele B\u00fcrger:innen folgten unserer Einladung zur gr\u00fcnen Fietstour \u2013 gemeinsam mit dem Landtagsabgeordneten <strong>Volkhard Wille<\/strong> und <strong>Oliver Reinders<\/strong> vom ADFC. Ziel war es, Emmerich aus der Perspektive der Radfahrer:innen zu erleben: Wo l\u00e4uft es gut \u2013 und wo muss dringend nachgebessert werden?<\/p>\n\n\n\n<p>Schon am <strong>Nonnenplatz<\/strong> zeigte sich deutlich: Hitzeinseln und fehlende Aufenthaltsqualit\u00e4t durch starke Versiegelung machen den Platz unattraktiv. Am <strong>Neumarkt<\/strong> wurde klar, wie sehr fehlende B\u00e4ume und Schattenpl\u00e4tze zum Problem f\u00fcr alle werden, die dort unterwegs sind.<\/p>\n\n\n\n<p>Positiv hervorgehoben wurde die <strong>Rheinpromenade<\/strong> \u2013 ein Ort mit gro\u00dfer Aufenthaltsqualit\u00e4t. Doch auch hier w\u00fcnschen sich viele eine bessere Anbindung an den Bahnhof, den Rheinpark und die Innenstadt, damit Radfahrer:innen sicher und direkt ans Ziel kommen.<\/p>\n\n\n\n<p>Deutlich wurde auch: Gef\u00e4hrliche Stellen wie am <strong>Bahn\u00fcbergang Weseler Stra\u00dfe<\/strong> oder vor den Schulen d\u00fcrfen nicht l\u00e4nger \u00fcbersehen werden. Au\u00dferdem w\u00fcnschen sich viele B\u00fcrger:innen endlich <strong>mehr Fahrradstra\u00dfen und sichere Radwege<\/strong> \u2013 damit der Weg zur Schule, zur Arbeit oder zum Einkaufen stressfrei und klimafreundlich gelingt.<\/p>\n\n\n\n<p><\/p>\n","protected":false},"excerpt":{"rendered":"<p>Viele B\u00fcrger:innen folgten unserer Einladung zur gr\u00fcnen Fietstour \u2013 gemeinsam mit dem Landtagsabgeordneten Volkhard Wille und Oliver Reinders vom ADFC. Ziel war es, Emmerich aus der Perspektive der Radfahrer:innen zu [&hellip;]<\/p>\n","protected":false},"author":-1,"featured_media":547,"comment_status":"closed","ping_status":"open","sticky":false,"template":"","format":"standard","meta":{"footnotes":""},"categories":[6],"tags":[],"class_list":["post-546","post","type-post","status-publish","format-standard","has-post-thumbnail","hentry","category-aktuelles"],"_links":{"self":[{"href":"https:\/\/gruene-emmerich.de\/index.php?rest_route=\/wp\/v2\/posts\/546","targetHints":{"allow":["GET"]}}],"collection":[{"href":"https:\/\/gruene-emmerich.de\/index.php?rest_route=\/wp\/v2\/posts"}],"about":[{"href":"https:\/\/gruene-emmerich.de\/index.php?rest_route=\/wp\/v2\/types\/post"}],"author":[{"embeddable":true,"href":"https:\/\/gruene-emmerich.de\/index.php?rest_route=\/wp\/v2\/users\/637"}],"replies":[{"embeddable":true,"href":"https:\/\/gruene-emmerich.de\/index.php?rest_route=%2Fwp%2Fv2%2Fcomments&post=546"}],"version-history":[{"count":1,"href":"https:\/\/gruene-emmerich.de\/index.php?rest_route=\/wp\/v2\/posts\/546\/revisions"}],"predecessor-version":[{"id":548,"href":"https:\/\/gruene-emmerich.de\/index.php?rest_route=\/wp\/v2\/posts\/546\/revisions\/548"}],"wp:featuredmedia":[{"embeddable":true,"href":"https:\/\/gruene-emmerich.de\/index.php?rest_route=\/wp\/v2\/media\/547"}],"wp:attachment":[{"href":"https:\/\/gruene-emmerich.de\/index.php?rest_route=%2Fwp%2Fv2%2Fmedia&parent=546"}],"wp:term":[{"taxonomy":"category","embeddable":true,"href":"https:\/\/gruene-emmerich.de\/index.php?rest_route=%2Fwp%2Fv2%2Fcategories&post=546"},{"taxonomy":"post_tag","embeddable":true,"href":"https:\/\/gruene-emmerich.de\/index.php?rest_route=%2Fwp%2Fv2%2Ftags&post=546"}],"curies":[{"name":"wp","href":"https:\/\/api.w.org\/{rel}","templated":true}]}}