{"id":549,"date":"2025-08-20T17:28:44","date_gmt":"2025-08-20T15:28:44","guid":{"rendered":"https:\/\/gruene-emmerich.de\/?p=549"},"modified":"2025-08-20T17:28:44","modified_gmt":"2025-08-20T15:28:44","slug":"antrag-im-rat-fuer-den-erhalt-des-freizeittreffs-fuer-menschen-mit-handicap","status":"publish","type":"post","link":"https:\/\/gruene-emmerich.de\/?p=549","title":{"rendered":"Antrag im Rat: F\u00fcr den Erhalt des Freizeittreffs f\u00fcr Menschen mit Handicap"},"content":{"rendered":"\n<p>Wir haben im Rat der Stadt Emmerich einen Antrag gestellt, damit die <strong>Freizeittreffs f\u00fcr Menschen mit Handicap<\/strong> auch weiterhin bleiben. Hintergrund ist, dass die Lebenshilfe in Rees und Emmerich angek\u00fcndigt hat, die beliebten Treffs zum Jahresende aus finanziellen Gr\u00fcnden zu schlie\u00dfen.<\/p>\n\n\n\n<p>F\u00fcr viele Menschen mit Handicap sind die Freizeittreffs ein unverzichtbares Angebot gegen Vereinsamung und Isolation. Hier k\u00f6nnen soziale Kontakte gekn\u00fcpft werden, es finden Ausfl\u00fcge statt und die Teilhabe am gesellschaftlichen Leben wird erm\u00f6glicht. Gerade f\u00fcr Menschen mit geistigen Einschr\u00e4nkungen sind diese niedrigschwelligen Angebote eine wichtige Unterst\u00fctzung f\u00fcr ein selbstbestimmtes Leben.<\/p>\n\n\n\n<p>Wir sagen klar: <strong>Inklusion ist ein Menschenrecht.<\/strong> Damit alle Menschen Teil unserer Gesellschaft sein k\u00f6nnen, braucht es konkrete Angebote vor Ort. Deshalb fordern wir, dass die Stadt Emmerich finanzielle Mittel bereitstellt oder soziale Stiftungen unterst\u00fctzt, um die Fortf\u00fchrung der Freizeittreffs zu sichern.<\/p>\n\n\n\n<p><\/p>\n","protected":false},"excerpt":{"rendered":"<p>Wir haben im Rat der Stadt Emmerich einen Antrag gestellt, damit die Freizeittreffs f\u00fcr Menschen mit Handicap auch weiterhin bleiben. Hintergrund ist, dass die Lebenshilfe in Rees und Emmerich angek\u00fcndigt [&hellip;]<\/p>\n","protected":false},"author":-1,"featured_media":550,"comment_status":"closed","ping_status":"open","sticky":false,"template":"","format":"standard","meta":{"footnotes":""},"categories":[6],"tags":[],"class_list":["post-549","post","type-post","status-publish","format-standard","has-post-thumbnail","hentry","category-aktuelles"],"_links":{"self":[{"href":"https:\/\/gruene-emmerich.de\/index.php?rest_route=\/wp\/v2\/posts\/549","targetHints":{"allow":["GET"]}}],"collection":[{"href":"https:\/\/gruene-emmerich.de\/index.php?rest_route=\/wp\/v2\/posts"}],"about":[{"href":"https:\/\/gruene-emmerich.de\/index.php?rest_route=\/wp\/v2\/types\/post"}],"author":[{"embeddable":true,"href":"https:\/\/gruene-emmerich.de\/index.php?rest_route=\/wp\/v2\/users\/637"}],"replies":[{"embeddable":true,"href":"https:\/\/gruene-emmerich.de\/index.php?rest_route=%2Fwp%2Fv2%2Fcomments&post=549"}],"version-history":[{"count":1,"href":"https:\/\/gruene-emmerich.de\/index.php?rest_route=\/wp\/v2\/posts\/549\/revisions"}],"predecessor-version":[{"id":551,"href":"https:\/\/gruene-emmerich.de\/index.php?rest_route=\/wp\/v2\/posts\/549\/revisions\/551"}],"wp:featuredmedia":[{"embeddable":true,"href":"https:\/\/gruene-emmerich.de\/index.php?rest_route=\/wp\/v2\/media\/550"}],"wp:attachment":[{"href":"https:\/\/gruene-emmerich.de\/index.php?rest_route=%2Fwp%2Fv2%2Fmedia&parent=549"}],"wp:term":[{"taxonomy":"category","embeddable":true,"href":"https:\/\/gruene-emmerich.de\/index.php?rest_route=%2Fwp%2Fv2%2Fcategories&post=549"},{"taxonomy":"post_tag","embeddable":true,"href":"https:\/\/gruene-emmerich.de\/index.php?rest_route=%2Fwp%2Fv2%2Ftags&post=549"}],"curies":[{"name":"wp","href":"https:\/\/api.w.org\/{rel}","templated":true}]}}