{"id":558,"date":"2025-09-03T16:59:23","date_gmt":"2025-09-03T14:59:23","guid":{"rendered":"https:\/\/gruene-emmerich.de\/?p=558"},"modified":"2025-09-03T16:59:24","modified_gmt":"2025-09-03T14:59:24","slug":"mehr-gruen-und-aufenthaltsqualitaet-fuer-emmerichs-innenstadt","status":"publish","type":"post","link":"https:\/\/gruene-emmerich.de\/?p=558","title":{"rendered":"Mehr Gr\u00fcn und Aufenthaltsqualit\u00e4t f\u00fcr Emmerichs Innenstadt"},"content":{"rendered":"\n<p>Die Emmericher Innenstadt ist an vielen Stellen stark versiegelt &#8211; viel Asphalt, wenig Gr\u00fcn. Gerade im Sommer bedeutet das Hitze, wenig Schatten und eine Aufenthaltsqualit\u00e4t, die besser sein k\u00f6nnte. Damit wollen wir uns nicht zufriedengeben.<\/p>\n\n\n\n<p>Darum haben wir als GR\u00dcNE im Stadtrat einen Antrag eingebracht: Wir wollen Parklets in Emmerich ausprobieren und gleichzeitig pr\u00fcfen, wo wir Fl\u00e4chen entsiegeln k\u00f6nnen.<\/p>\n\n\n\n<p><strong>Parklets &#8211; was ist das \u00fcberhaupt?<\/strong><\/p>\n\n\n\n<p>Parklets sind kleine Aufenthaltsinseln, die auf bestehenden Stellpl\u00e4tzen oder versiegelten Fl\u00e4chen entstehen. Sie bringen Begr\u00fcnung, Sitzgelegenheiten und Fahrradstellpl\u00e4tze dorthin, wo sonst Autos stehen oder graue Fl\u00e4chen sind. Andere St\u00e4dte wie Stuttgart oder Hamburg haben schon sehr gute Erfahrungen gemacht: mehr Aufenthaltsqualit\u00e4t, mehr Gr\u00fcn und mehr Leben in der Stadt.<\/p>\n\n\n\n<p><strong>Unser Vorschlag im Rat:<\/strong><\/p>\n\n\n\n<ul class=\"wp-block-list\">\n<li>Die Stadtverwaltung soll ein Pilotprojekt starten.<\/li>\n\n\n\n<li>Geeignete Orte sehen wir z.B. am Franz-Wolters-Platz, Neumarkt und Alten Markt.<\/li>\n\n\n\n<li>Mindestens zwei Parklets sollen zun\u00e4chst als Pilot gebaut werden.<\/li>\n\n\n\n<li>Zus\u00e4tzlich soll gepr\u00fcft werden, wo punktuell entsiegelt werden kann.<\/li>\n\n\n\n<li>Bis Ende 2026 erwarten wir einen Bericht \u00fcber Erfahrungen, Kosten und Perspektiven.<\/li>\n\n\n\n<li>F\u00f6rdermittel von Land, Bund und EU sollen einbezogen werden.<\/li>\n<\/ul>\n\n\n\n<p><strong>Unser Ziel<\/strong><\/p>\n\n\n\n<p>Wir wollen, dass die Innenstadt nicht l\u00e4nger nur ein Ort zum Einkaufen ist, sondern auch ein Ort zum Verweilen, Treffen und Wohlf\u00fchlen. Mehr Gr\u00fcnfl\u00e4chen, bessere Aufenthaltsqualit\u00e4t, K\u00fchlung im Sommer und F\u00f6rderung von Biodiversit\u00e4t &#8211; das alles steckt in unserem Antrag.<\/p>\n\n\n\n<p><\/p>\n","protected":false},"excerpt":{"rendered":"<p>Die Emmericher Innenstadt ist an vielen Stellen stark versiegelt &#8211; viel Asphalt, wenig Gr\u00fcn. Gerade im Sommer bedeutet das Hitze, wenig Schatten und eine Aufenthaltsqualit\u00e4t, die besser sein k\u00f6nnte. Damit [&hellip;]<\/p>\n","protected":false},"author":-1,"featured_media":559,"comment_status":"closed","ping_status":"open","sticky":false,"template":"","format":"standard","meta":{"footnotes":""},"categories":[6],"tags":[],"class_list":["post-558","post","type-post","status-publish","format-standard","has-post-thumbnail","hentry","category-aktuelles"],"_links":{"self":[{"href":"https:\/\/gruene-emmerich.de\/index.php?rest_route=\/wp\/v2\/posts\/558","targetHints":{"allow":["GET"]}}],"collection":[{"href":"https:\/\/gruene-emmerich.de\/index.php?rest_route=\/wp\/v2\/posts"}],"about":[{"href":"https:\/\/gruene-emmerich.de\/index.php?rest_route=\/wp\/v2\/types\/post"}],"author":[{"embeddable":true,"href":"https:\/\/gruene-emmerich.de\/index.php?rest_route=\/wp\/v2\/users\/637"}],"replies":[{"embeddable":true,"href":"https:\/\/gruene-emmerich.de\/index.php?rest_route=%2Fwp%2Fv2%2Fcomments&post=558"}],"version-history":[{"count":1,"href":"https:\/\/gruene-emmerich.de\/index.php?rest_route=\/wp\/v2\/posts\/558\/revisions"}],"predecessor-version":[{"id":560,"href":"https:\/\/gruene-emmerich.de\/index.php?rest_route=\/wp\/v2\/posts\/558\/revisions\/560"}],"wp:featuredmedia":[{"embeddable":true,"href":"https:\/\/gruene-emmerich.de\/index.php?rest_route=\/wp\/v2\/media\/559"}],"wp:attachment":[{"href":"https:\/\/gruene-emmerich.de\/index.php?rest_route=%2Fwp%2Fv2%2Fmedia&parent=558"}],"wp:term":[{"taxonomy":"category","embeddable":true,"href":"https:\/\/gruene-emmerich.de\/index.php?rest_route=%2Fwp%2Fv2%2Fcategories&post=558"},{"taxonomy":"post_tag","embeddable":true,"href":"https:\/\/gruene-emmerich.de\/index.php?rest_route=%2Fwp%2Fv2%2Ftags&post=558"}],"curies":[{"name":"wp","href":"https:\/\/api.w.org\/{rel}","templated":true}]}}