{"id":594,"date":"2025-11-29T10:35:42","date_gmt":"2025-11-29T09:35:42","guid":{"rendered":"https:\/\/gruene-emmerich.de\/?p=594"},"modified":"2025-11-29T10:35:42","modified_gmt":"2025-11-29T09:35:42","slug":"tempo-30-in-der-emmericher-innenstadt-fuer-mehr-sicherheit-und-lebensqualitaet","status":"publish","type":"post","link":"https:\/\/gruene-emmerich.de\/?p=594","title":{"rendered":"Tempo 30 in der Emmericher Innenstadt &#8211; f\u00fcr mehr Sicherheit und Lebensqualit\u00e4t"},"content":{"rendered":"\n<p>Die Emmericher Innenstadt soll ein Ort sein, an dem sich alle Menschen sicher und entspannt bewegen k\u00f6nnen \u2013 zu Fu\u00df, mit dem Rad, mit dem Rollstuhl oder im Auto. Doch gerade im belebten Zentrum kommt es immer wieder zu gef\u00e4hrlichen Situationen. Ein einheitliches Tempolimit von 30 km\/h kann hier einen wichtigen Beitrag leisten. Deshalb setzen sich&nbsp;<em>B\u00dcNDNIS 90\/DIE GR\u00dcNEN<\/em>&nbsp;Emmerich&nbsp;f\u00fcr eine klare, verst\u00e4ndliche und konsequent umgesetzte Regelung ein.<\/p>\n\n\n\n<p>Tempo 30 erh\u00f6ht nachweislich die&nbsp;<strong>Sicherheit im Stra\u00dfenverkehr<\/strong>. Mit geringeren Geschwindigkeiten verk\u00fcrzen sich Bremswege, und alle Verkehrsteilnehmerinnen \u2013 besonders Kinder, \u00e4ltere Menschen sowie Radfahrende und Fu\u00dfg\u00e4nger*innen \u2013 profitieren von mehr Schutz. Gleichzeitig sinkt der Verkehrsl\u00e4rm sp\u00fcrbar. Selbst kleine Reduzierungen der Geschwindigkeit sorgen f\u00fcr deutlich ruhigere Stra\u00dfen und steigern die Lebensqualit\u00e4t der Menschen<\/p>\n\n\n\n<p>Auch die\u00a0<strong>Luft wird besser<\/strong>, denn geringere Geschwindigkeit bedeutet weniger Abgase und damit eine geringere Belastung f\u00fcr Mensch und Umwelt. Ganz nebenbei wird durch den niedrigeren Energieverbrauch auch der\u00a0<strong>Klimaschutz<\/strong> unterst\u00fctzt.<\/p>\n\n\n\n<p>Ein weiterer wichtiger Aspekt ist die\u00a0<strong>Verst\u00e4ndlichkeit<\/strong>. Derzeit wechseln in Emmerich h\u00e4ufig Abschnitte mit 50 km\/h mit kurzen Tempo-30-Zonen, h\u00e4ufig im Umfeld von Schulen oder Kitas. Dieser Flickenteppich f\u00fchrt zu Unsicherheit und hemmt einen gleichm\u00e4\u00dfigen Verkehrsfluss. Ein durchg\u00e4ngiges Tempo 30 w\u00fcrde die Situation deutlich\u00a0<strong>vereinfachen<\/strong>\u00a0und f\u00fcr alle nachvollziehbarer machen.<\/p>\n\n\n\n<p>Ein Blick auf andere europ\u00e4ische St\u00e4dte zeigt, dass Emmerich mit diesem Ansatz keineswegs allein w\u00e4re. Gro\u00dfst\u00e4dte wie Br\u00fcssel, Paris, Helsinki oder Bilbao setzen bereits erfolgreich auf ein einheitliches Tempo 30 in ihren Innenst\u00e4dten. Dort ist zu beobachten, dass&nbsp;<strong>Unf\u00e4lle abnehmen<\/strong>, die&nbsp;<strong>Lebensqualit\u00e4t steigt<\/strong>&nbsp;und die Menschen die neuen Regeln gut annehmen. Diese Erfahrungen machen deutlich: Tempo 30 ist ein wirkungsvolles Instrument f\u00fcr sichere, moderne und lebenswerte St\u00e4dte.<\/p>\n\n\n\n<p>Unser Ziel ist eine Innenstadt, die ruhiger, ges\u00fcnder und sicherer ist \u2013 und damit f\u00fcr alle lebenswerter. Ein einheitliches, gut nachvollziehbares Tempolimit ist ein schneller und wirksamer Schritt auf diesem Weg.<br><\/p>\n\n\n\n<p><strong>F\u00fcr ein Emmerich, das sich gut anf\u00fchlt.<\/strong><\/p>\n","protected":false},"excerpt":{"rendered":"<p>Die Emmericher Innenstadt soll ein Ort sein, an dem sich alle Menschen sicher und entspannt bewegen k\u00f6nnen \u2013 zu Fu\u00df, mit dem Rad, mit dem Rollstuhl oder im Auto. Doch [&hellip;]<\/p>\n","protected":false},"author":-1,"featured_media":596,"comment_status":"closed","ping_status":"open","sticky":false,"template":"","format":"standard","meta":{"footnotes":""},"categories":[6],"tags":[],"class_list":["post-594","post","type-post","status-publish","format-standard","has-post-thumbnail","hentry","category-aktuelles"],"_links":{"self":[{"href":"https:\/\/gruene-emmerich.de\/index.php?rest_route=\/wp\/v2\/posts\/594","targetHints":{"allow":["GET"]}}],"collection":[{"href":"https:\/\/gruene-emmerich.de\/index.php?rest_route=\/wp\/v2\/posts"}],"about":[{"href":"https:\/\/gruene-emmerich.de\/index.php?rest_route=\/wp\/v2\/types\/post"}],"author":[{"embeddable":true,"href":"https:\/\/gruene-emmerich.de\/index.php?rest_route=\/wp\/v2\/users\/618"}],"replies":[{"embeddable":true,"href":"https:\/\/gruene-emmerich.de\/index.php?rest_route=%2Fwp%2Fv2%2Fcomments&post=594"}],"version-history":[{"count":1,"href":"https:\/\/gruene-emmerich.de\/index.php?rest_route=\/wp\/v2\/posts\/594\/revisions"}],"predecessor-version":[{"id":597,"href":"https:\/\/gruene-emmerich.de\/index.php?rest_route=\/wp\/v2\/posts\/594\/revisions\/597"}],"wp:featuredmedia":[{"embeddable":true,"href":"https:\/\/gruene-emmerich.de\/index.php?rest_route=\/wp\/v2\/media\/596"}],"wp:attachment":[{"href":"https:\/\/gruene-emmerich.de\/index.php?rest_route=%2Fwp%2Fv2%2Fmedia&parent=594"}],"wp:term":[{"taxonomy":"category","embeddable":true,"href":"https:\/\/gruene-emmerich.de\/index.php?rest_route=%2Fwp%2Fv2%2Fcategories&post=594"},{"taxonomy":"post_tag","embeddable":true,"href":"https:\/\/gruene-emmerich.de\/index.php?rest_route=%2Fwp%2Fv2%2Ftags&post=594"}],"curies":[{"name":"wp","href":"https:\/\/api.w.org\/{rel}","templated":true}]}}