{"id":97,"date":"2025-02-03T13:50:17","date_gmt":"2025-02-03T12:50:17","guid":{"rendered":"https:\/\/wordpress02.gcms.verdigado.net\/gruene-emmerich\/?p=97"},"modified":"2025-06-06T18:12:12","modified_gmt":"2025-06-06T16:12:12","slug":"alexander-pooth-ist-neuer-sprecher","status":"publish","type":"post","link":"https:\/\/gruene-emmerich.de\/?p=97","title":{"rendered":"Alexander Pooth ist neuer Sprecher"},"content":{"rendered":"\n<p>W\u00e4hrend der Mitgliederversammlung des Emmerich Ortsverbandes trat Herbert Kaiser, langj\u00e4hriger Sprecher der B\u00fcndnis 90\/Die Gr\u00fcnen in Emmerich am Rhein zur\u00fcck. Wir danken Herbert f\u00fcr seien unerm\u00fcdlichen Einsatz f\u00fcr unseren Ortsverband. Daraufhin wurde Alexander Pooth zum neuen Co-Sprecher neben Ute Sickelmann gew\u00e4hlt. Wir w\u00fcnschen Alexander viel Erfolg in seinem neuen Amt.<\/p>\n\n\n\n<figure class=\"wp-block-image size-large\"><img loading=\"lazy\" decoding=\"async\" width=\"1024\" height=\"781\" src=\"https:\/\/wordpress02.gcms.verdigado.net\/gruene-emmerich\/wp-content\/uploads\/sites\/284\/2025\/05\/Gruene-2025-43-von-54-scaled-e1748249566296-1024x781.jpg\" alt=\"\" class=\"wp-image-304\" srcset=\"https:\/\/gruene-emmerich.de\/wp-content\/uploads\/sites\/284\/2025\/05\/Gruene-2025-43-von-54-scaled-e1748249566296-1024x781.jpg 1024w, https:\/\/gruene-emmerich.de\/wp-content\/uploads\/sites\/284\/2025\/05\/Gruene-2025-43-von-54-scaled-e1748249566296-300x229.jpg 300w, https:\/\/gruene-emmerich.de\/wp-content\/uploads\/sites\/284\/2025\/05\/Gruene-2025-43-von-54-scaled-e1748249566296-768x586.jpg 768w, https:\/\/gruene-emmerich.de\/wp-content\/uploads\/sites\/284\/2025\/05\/Gruene-2025-43-von-54-scaled-e1748249566296-1536x1172.jpg 1536w, https:\/\/gruene-emmerich.de\/wp-content\/uploads\/sites\/284\/2025\/05\/Gruene-2025-43-von-54-scaled-e1748249566296.jpg 1728w\" sizes=\"auto, (max-width: 1024px) 100vw, 1024px\" \/><\/figure>\n","protected":false},"excerpt":{"rendered":"<p>W\u00e4hrend der Mitgliederversammlung des Emmerich Ortsverbandes trat Herbert Kaiser, langj\u00e4hriger Sprecher der B\u00fcndnis 90\/Die Gr\u00fcnen in Emmerich am Rhein zur\u00fcck. Wir danken Herbert f\u00fcr seien unerm\u00fcdlichen Einsatz f\u00fcr unseren Ortsverband. [&hellip;]<\/p>\n","protected":false},"author":-1,"featured_media":304,"comment_status":"open","ping_status":"open","sticky":false,"template":"","format":"standard","meta":{"footnotes":""},"categories":[6],"tags":[],"class_list":["post-97","post","type-post","status-publish","format-standard","has-post-thumbnail","hentry","category-aktuelles"],"_links":{"self":[{"href":"https:\/\/gruene-emmerich.de\/index.php?rest_route=\/wp\/v2\/posts\/97","targetHints":{"allow":["GET"]}}],"collection":[{"href":"https:\/\/gruene-emmerich.de\/index.php?rest_route=\/wp\/v2\/posts"}],"about":[{"href":"https:\/\/gruene-emmerich.de\/index.php?rest_route=\/wp\/v2\/types\/post"}],"author":[{"embeddable":true,"href":"https:\/\/gruene-emmerich.de\/index.php?rest_route=\/wp\/v2\/users\/618"}],"replies":[{"embeddable":true,"href":"https:\/\/gruene-emmerich.de\/index.php?rest_route=%2Fwp%2Fv2%2Fcomments&post=97"}],"version-history":[{"count":10,"href":"https:\/\/gruene-emmerich.de\/index.php?rest_route=\/wp\/v2\/posts\/97\/revisions"}],"predecessor-version":[{"id":409,"href":"https:\/\/gruene-emmerich.de\/index.php?rest_route=\/wp\/v2\/posts\/97\/revisions\/409"}],"wp:featuredmedia":[{"embeddable":true,"href":"https:\/\/gruene-emmerich.de\/index.php?rest_route=\/wp\/v2\/media\/304"}],"wp:attachment":[{"href":"https:\/\/gruene-emmerich.de\/index.php?rest_route=%2Fwp%2Fv2%2Fmedia&parent=97"}],"wp:term":[{"taxonomy":"category","embeddable":true,"href":"https:\/\/gruene-emmerich.de\/index.php?rest_route=%2Fwp%2Fv2%2Fcategories&post=97"},{"taxonomy":"post_tag","embeddable":true,"href":"https:\/\/gruene-emmerich.de\/index.php?rest_route=%2Fwp%2Fv2%2Ftags&post=97"}],"curies":[{"name":"wp","href":"https:\/\/api.w.org\/{rel}","templated":true}]}}